{"id":212,"date":"2010-05-26T17:37:49","date_gmt":"2010-05-26T17:37:49","guid":{"rendered":"https:\/\/hotel-biser.com\/2018\/2010\/05\/26\/tradicija\/"},"modified":"2010-05-26T17:37:49","modified_gmt":"2010-05-26T17:37:49","slug":"tradicija","status":"publish","type":"post","link":"https:\/\/hotel-biser.com\/2018\/2010\/05\/26\/tradicija\/","title":{"rendered":"Tradicija"},"content":{"rendered":"<p style=\"text-align: justify;\"><img loading=\"lazy\" decoding=\"async\" class=\" size-full wp-image-206\" alt=\"trad01\" src=\"https:\/\/hotel-biser.com\/2018\/wp-content\/uploads\/2010\/05\/trad01.jpg\" width=\"165\" height=\"110\" srcset=\"https:\/\/hotel-biser.com\/2018\/wp-content\/uploads\/2010\/05\/trad01.jpg 700w, https:\/\/hotel-biser.com\/2018\/wp-content\/uploads\/2010\/05\/trad01-300x200.jpg 300w\" sizes=\"(max-width: 165px) 100vw, 165px\" \/>&nbsp;<img loading=\"lazy\" decoding=\"async\" class=\" size-full wp-image-207\" alt=\"trad04\" src=\"https:\/\/hotel-biser.com\/2018\/wp-content\/uploads\/2010\/05\/trad04.jpg\" width=\"74\" height=\"110\" srcset=\"https:\/\/hotel-biser.com\/2018\/wp-content\/uploads\/2010\/05\/trad04.jpg 467w, https:\/\/hotel-biser.com\/2018\/wp-content\/uploads\/2010\/05\/trad04-200x300.jpg 200w\" sizes=\"(max-width: 74px) 100vw, 74px\" \/> <img loading=\"lazy\" decoding=\"async\" class=\" size-full wp-image-208\" alt=\"trad02\" src=\"https:\/\/hotel-biser.com\/2018\/wp-content\/uploads\/2010\/05\/trad02.jpg\" width=\"165\" height=\"110\" srcset=\"https:\/\/hotel-biser.com\/2018\/wp-content\/uploads\/2010\/05\/trad02.jpg 700w, https:\/\/hotel-biser.com\/2018\/wp-content\/uploads\/2010\/05\/trad02-300x200.jpg 300w\" sizes=\"(max-width: 165px) 100vw, 165px\" \/> <img loading=\"lazy\" decoding=\"async\" class=\" size-full wp-image-209\" alt=\"trad03\" src=\"https:\/\/hotel-biser.com\/2018\/wp-content\/uploads\/2010\/05\/trad03.jpg\" width=\"74\" height=\"110\" srcset=\"https:\/\/hotel-biser.com\/2018\/wp-content\/uploads\/2010\/05\/trad03.jpg 467w, https:\/\/hotel-biser.com\/2018\/wp-content\/uploads\/2010\/05\/trad03-200x300.jpg 200w\" sizes=\"(max-width: 74px) 100vw, 74px\" \/><\/p>\n<p style=\"text-align: justify;\">Grad Pag ima bogatu folklornu ba\u0161tinu. Pa\u0161ka narodna no\u0161nja je lijepih boja i oblika, a osobito je atraktivno \u017eensko pokrivalo za glavu  obrubljeno pa\u0161kom \u010dipkom. Pa\u0161ka \u010dipka je najljep\u0161i autohtoni  suvenir, izra\u0111uje se \u0161ivanjem, a koristi se kao samostalni ukras ili dio  odje\u0107e.<\/p>\n<p>  <!--more-->  <\/p>\n<p style=\"text-align: justify;\"><img loading=\"lazy\" decoding=\"async\" class=\" size-full wp-image-176\" alt=\"trad06\" src=\"https:\/\/hotel-biser.com\/2018\/wp-content\/uploads\/2010\/05\/trad06.jpg\" width=\"165\" height=\"110\" srcset=\"https:\/\/hotel-biser.com\/2018\/wp-content\/uploads\/2010\/05\/trad06.jpg 701w, https:\/\/hotel-biser.com\/2018\/wp-content\/uploads\/2010\/05\/trad06-300x200.jpg 300w\" sizes=\"(max-width: 165px) 100vw, 165px\" \/> <img loading=\"lazy\" decoding=\"async\" class=\" size-full wp-image-210\" alt=\"trad07\" src=\"https:\/\/hotel-biser.com\/2018\/wp-content\/uploads\/2010\/05\/trad07.jpg\" width=\"165\" height=\"110\" srcset=\"https:\/\/hotel-biser.com\/2018\/wp-content\/uploads\/2010\/05\/trad07.jpg 701w, https:\/\/hotel-biser.com\/2018\/wp-content\/uploads\/2010\/05\/trad07-300x200.jpg 300w\" sizes=\"(max-width: 165px) 100vw, 165px\" \/> <img loading=\"lazy\" decoding=\"async\" class=\" size-full wp-image-211\" alt=\"trad05\" src=\"https:\/\/hotel-biser.com\/2018\/wp-content\/uploads\/2010\/05\/trad05.jpg\" width=\"165\" height=\"110\" srcset=\"https:\/\/hotel-biser.com\/2018\/wp-content\/uploads\/2010\/05\/trad05.jpg 701w, https:\/\/hotel-biser.com\/2018\/wp-content\/uploads\/2010\/05\/trad05-300x200.jpg 300w\" sizes=\"(max-width: 165px) 100vw, 165px\" \/><\/p>\n<p style=\"text-align: justify;\">Sredi\u0161nji dio ljeta obilje\u017eava ljetni pa\u0161ki karneval tijekom kojeg na Trgu Petra  Kre\u0161imira IV gradska limena glazba svira tradicionalno Pa\u0161ko kolo, odr\u017eava se ples pod maskama, pjevaju se pu\u010dki napjevi i izvodi se pu\u010dka drama &#8220;Robinja\u201e. Najve\u0107i vjerski blagdan u Pagu je Velika Gospa, 15. kolovoza, koja se slavi sve\u010danom procesijom.<\/p>\n","protected":false},"excerpt":{"rendered":"<p>&nbsp; Grad Pag ima bogatu folklornu ba\u0161tinu. Pa\u0161ka narodna no\u0161nja je lijepih boja i oblika, a osobito je atraktivno \u017eensko pokrivalo za glavu obrubljeno pa\u0161kom \u010dipkom. Pa\u0161ka \u010dipka je najljep\u0161i autohtoni suvenir, izra\u0111uje se \u0161ivanjem, a koristi se kao samostalni ukras ili dio odje\u0107e.<\/p>\n","protected":false},"author":1,"featured_media":206,"comment_status":"open","ping_status":"open","sticky":false,"template":"","format":"standard","meta":{"footnotes":""},"categories":[11],"tags":[],"_links":{"self":[{"href":"https:\/\/hotel-biser.com\/2018\/wp-json\/wp\/v2\/posts\/212"}],"collection":[{"href":"https:\/\/hotel-biser.com\/2018\/wp-json\/wp\/v2\/posts"}],"about":[{"href":"https:\/\/hotel-biser.com\/2018\/wp-json\/wp\/v2\/types\/post"}],"author":[{"embeddable":true,"href":"https:\/\/hotel-biser.com\/2018\/wp-json\/wp\/v2\/users\/1"}],"replies":[{"embeddable":true,"href":"https:\/\/hotel-biser.com\/2018\/wp-json\/wp\/v2\/comments?post=212"}],"version-history":[{"count":0,"href":"https:\/\/hotel-biser.com\/2018\/wp-json\/wp\/v2\/posts\/212\/revisions"}],"wp:featuredmedia":[{"embeddable":true,"href":"https:\/\/hotel-biser.com\/2018\/wp-json\/wp\/v2\/media\/206"}],"wp:attachment":[{"href":"https:\/\/hotel-biser.com\/2018\/wp-json\/wp\/v2\/media?parent=212"}],"wp:term":[{"taxonomy":"category","embeddable":true,"href":"https:\/\/hotel-biser.com\/2018\/wp-json\/wp\/v2\/categories?post=212"},{"taxonomy":"post_tag","embeddable":true,"href":"https:\/\/hotel-biser.com\/2018\/wp-json\/wp\/v2\/tags?post=212"}],"curies":[{"name":"wp","href":"https:\/\/api.w.org\/{rel}","templated":true}]}}